{"id":2100,"date":"2026-03-08T14:54:50","date_gmt":"2026-03-08T13:54:50","guid":{"rendered":"https:\/\/ja-zur-individualbesteuerung.ch\/?p=2100"},"modified":"2026-03-08T15:06:13","modified_gmt":"2026-03-08T14:06:13","slug":"si-allimposizione-individuale-una-pietra-miliare-per-la-parita","status":"publish","type":"post","link":"https:\/\/ja-zur-individualbesteuerung.ch\/it\/si-allimposizione-individuale-una-pietra-miliare-per-la-parita\/","title":{"rendered":"S\u00ec all\u2019imposizione individuale &#8211; Una pietra miliare per la parit\u00e0!"},"content":{"rendered":"\n<p>Berna, 8 marzo 2026 \u2013 <strong>L&#8217;ampio comitato interpartitico \u00abS\u00ec all\u2019imposizione individuale\u00bb,<br>composto da esponenti del mondo politico, economico e della societ\u00e0 civile, esprime<br>la propria soddisfazione per l\u2019approvazione della legge federale sull\u2019imposizione<br>individuale. \u00c8 una tappa importante per la parit\u00e0 e la nostra prosperit\u00e0. Il nostro<br>sistema fiscale diventa pi\u00f9 equo e al passo con i tempi.<\/strong><\/p>\n\n\n\n<p>In occasione della Giornata internazionale della donna, la Svizzera compie finalmente il<br>passo tanto atteso per rafforzare la parit\u00e0 e l&#8217;equit\u00e0 fiscale. Si pone cos\u00ec fine a un&#8217;ingiustizia<br>rilevata dal Tribunale federale che durava da oltre 40 anni.<\/p>\n\n\n\n<p>Entro sei anni entrer\u00e0 finalmente in vigore l&#8217;imposizione fiscale indipendente dallo stato civile.<br>Dai 18 anni in poi tutti i contribuenti compileranno la propria dichiarazione dei redditi. Le<br>donne e gli uomini sposati non saranno pi\u00f9 considerati come figure secondarie dei propri<br>partner. In questo modo, tutti saranno tassati in base al proprio reddito e l&#8217;ingiusta<br>penalizzazione del matrimonio sar\u00e0 finalmente abolita.<\/p>\n\n\n\n<p>Questa decisione popolare \u00e8 una pietra miliare per la parit\u00e0, in particolare per le donne, che<br>acquisiscono una maggiore indipendenza finanziaria. Si tratta di una misura importante<br>contro la povert\u00e0 potenziale legata alla vecchiaia e al divorzio.<\/p>\n\n\n\n<p>L\u2019introduzione dell\u2019imposizione individuale presenta diversi vantaggi economici: ogni ora di<br>lavoro retribuito conviene con effetti positivi sull\u2019economia nazionale e sul mercato di lavoro<br>alla ricerca di personale qualificato.<br>In futuro non solo la Confederazione, ma anche i Cantoni e i Comuni applicheranno<br>l&#8217;imposizione individuale. Questo comporter\u00e0 un&#8217;ulteriore semplificazione e adeguamento del<br>sistema fiscale. I Cantoni e i Comuni avranno tempo sei anni per applicare il nuovo sistema<br>d\u2019imposizione. I partiti riuniti nel comitato a favore dell\u2019imposizione individuale<br>s&#8217;impegneranno per revisioni eque ed equilibrate.<\/p>\n\n\n\n<p>Il comitato interpartitico \u00abS\u00ec all\u2019imposizione individuale\u00bb si aspetta che il Centro ritiri la propria<br>iniziativa dopo questa decisione democratica a favore dell\u2019imposizione individuale.<br>La campagna di votazione \u00e8 stata intensa e ha contribuito in modo significativo al risultato<br>positivo. Questo traguardo non era scontato considerata la campagna contraria che si \u00e8<br>basata in parte su argomenti sleali. Il comitato interpartitico per il s\u00ec \u00e8 composto da PLR,<br>PVL, Verdi e PS con i rispettivi movimenti giovanili e anche da politici del Centro e dell&#8217;UDC.<br>Ne fanno parte anche associazioni economiche come economiesuisse, l&#8217;Unione svizzera<br>degli imprenditori, camere di commercio, associazioni industriali, organizzazioni femminili<br>come alliance F, l\u2019Alleanza delle societ\u00e0 femminili svizzere.<\/p>\n\n\n\n<p>Per ulteriori informazioni:<br>Claudine Esseiva, titolare e fondatrice ComCoeur<br>claudine.esseiva@comcoeur.ch oppure 078 801 99 99<\/p>\n","protected":false},"excerpt":{"rendered":"Berna, 8 marzo 2026 \u2013 L&#8217;ampio comitato interpartitico \u00abS\u00ec all\u2019imposizione individuale\u00bb,composto da esponenti del mondo politico, economico e della societ\u00e0 civile, esprimela propria soddisfazione per l\u2019approvazione della legge federale sull\u2019imposizioneindividuale. \u00c8 una tappa importante per la parit\u00e0 e la nostra prosperit\u00e0. Il nostrosistema fiscale diventa pi\u00f9 equo e al passo con i tempi. In occasione della Giornata internazionale della donna, la Svizzera compie finalmente ilpasso tanto atteso per rafforzare la parit\u00e0 e l&#8217;equit\u00e0 fiscale. Si pone cos\u00ec fine a un&#8217;ingiustiziarilevata [&hellip;]","protected":false},"author":3,"featured_media":0,"comment_status":"closed","ping_status":"closed","sticky":false,"template":"","format":"standard","meta":{"_acf_changed":false,"footnotes":""},"categories":[1],"tags":[],"class_list":["post-2100","post","type-post","status-publish","format-standard","hentry","category-unkategorisiert"],"acf":[],"yoast_head":"<!-- This site is optimized with the Yoast SEO plugin v27.5 - https:\/\/yoast.com\/product\/yoast-seo-wordpress\/ -->\n<title>S\u00ec all\u2019imposizione individuale - Una pietra miliare per la parit\u00e0! - S\u00ec all&#039;imposizione individuale<\/title>\n<meta name=\"robots\" content=\"index, follow, max-snippet:-1, max-image-preview:large, max-video-preview:-1\" \/>\n<link rel=\"canonical\" href=\"https:\/\/ja-zur-individualbesteuerung.ch\/it\/si-allimposizione-individuale-una-pietra-miliare-per-la-parita\/\" \/>\n<meta property=\"og:locale\" content=\"it_IT\" \/>\n<meta property=\"og:type\" content=\"article\" \/>\n<meta property=\"og:title\" content=\"S\u00ec all\u2019imposizione individuale - Una pietra miliare per la parit\u00e0! - S\u00ec all&#039;imposizione individuale\" \/>\n<meta property=\"og:description\" content=\"Berna, 8 marzo 2026 \u2013 L&#8217;ampio comitato interpartitico \u00abS\u00ec all\u2019imposizione individuale\u00bb,composto da esponenti del mondo politico, economico e della societ\u00e0 civile, esprimela propria soddisfazione per l\u2019approvazione della legge federale sull\u2019imposizioneindividuale. \u00c8 una tappa importante per la parit\u00e0 e la nostra prosperit\u00e0. Il nostrosistema fiscale diventa pi\u00f9 equo e al passo con i tempi. In occasione della Giornata internazionale della donna, la Svizzera compie finalmente ilpasso tanto atteso per rafforzare la parit\u00e0 e l&#8217;equit\u00e0 fiscale. Si pone cos\u00ec fine a un&#8217;ingiustiziarilevata [&hellip;]\" \/>\n<meta property=\"og:url\" content=\"https:\/\/ja-zur-individualbesteuerung.ch\/it\/si-allimposizione-individuale-una-pietra-miliare-per-la-parita\/\" \/>\n<meta property=\"og:site_name\" content=\"S\u00ec all&#039;imposizione individuale\" \/>\n<meta property=\"article:published_time\" content=\"2026-03-08T13:54:50+00:00\" \/>\n<meta property=\"article:modified_time\" content=\"2026-03-08T14:06:13+00:00\" \/>\n<meta name=\"author\" content=\"Darleen Pfister\" \/>\n<meta name=\"twitter:card\" content=\"summary_large_image\" \/>\n<meta name=\"twitter:label1\" content=\"Scritto da\" \/>\n\t<meta name=\"twitter:data1\" content=\"Darleen Pfister\" \/>\n\t<meta name=\"twitter:label2\" content=\"Tempo di lettura stimato\" \/>\n\t<meta name=\"twitter:data2\" content=\"3 minuti\" \/>\n<script type=\"application\/ld+json\" class=\"yoast-schema-graph\">{\"@context\":\"https:\\\/\\\/schema.org\",\"@graph\":[{\"@type\":\"Article\",\"@id\":\"https:\\\/\\\/ja-zur-individualbesteuerung.ch\\\/it\\\/si-allimposizione-individuale-una-pietra-miliare-per-la-parita\\\/#article\",\"isPartOf\":{\"@id\":\"https:\\\/\\\/ja-zur-individualbesteuerung.ch\\\/it\\\/si-allimposizione-individuale-una-pietra-miliare-per-la-parita\\\/\"},\"author\":{\"name\":\"Darleen Pfister\",\"@id\":\"https:\\\/\\\/ja-zur-individualbesteuerung.ch\\\/it\\\/#\\\/schema\\\/person\\\/d008a428f890dd713901fbe580927910\"},\"headline\":\"S\u00ec all\u2019imposizione individuale &#8211; Una pietra miliare per la parit\u00e0!\",\"datePublished\":\"2026-03-08T13:54:50+00:00\",\"dateModified\":\"2026-03-08T14:06:13+00:00\",\"mainEntityOfPage\":{\"@id\":\"https:\\\/\\\/ja-zur-individualbesteuerung.ch\\\/it\\\/si-allimposizione-individuale-una-pietra-miliare-per-la-parita\\\/\"},\"wordCount\":403,\"articleSection\":[\"Unkategorisiert\"],\"inLanguage\":\"it-IT\"},{\"@type\":\"WebPage\",\"@id\":\"https:\\\/\\\/ja-zur-individualbesteuerung.ch\\\/it\\\/si-allimposizione-individuale-una-pietra-miliare-per-la-parita\\\/\",\"url\":\"https:\\\/\\\/ja-zur-individualbesteuerung.ch\\\/it\\\/si-allimposizione-individuale-una-pietra-miliare-per-la-parita\\\/\",\"name\":\"S\u00ec all\u2019imposizione individuale - Una pietra miliare per la parit\u00e0! - S\u00ec all'imposizione individuale\",\"isPartOf\":{\"@id\":\"https:\\\/\\\/ja-zur-individualbesteuerung.ch\\\/it\\\/#website\"},\"datePublished\":\"2026-03-08T13:54:50+00:00\",\"dateModified\":\"2026-03-08T14:06:13+00:00\",\"author\":{\"@id\":\"https:\\\/\\\/ja-zur-individualbesteuerung.ch\\\/it\\\/#\\\/schema\\\/person\\\/d008a428f890dd713901fbe580927910\"},\"breadcrumb\":{\"@id\":\"https:\\\/\\\/ja-zur-individualbesteuerung.ch\\\/it\\\/si-allimposizione-individuale-una-pietra-miliare-per-la-parita\\\/#breadcrumb\"},\"inLanguage\":\"it-IT\",\"potentialAction\":[{\"@type\":\"ReadAction\",\"target\":[\"https:\\\/\\\/ja-zur-individualbesteuerung.ch\\\/it\\\/si-allimposizione-individuale-una-pietra-miliare-per-la-parita\\\/\"]}]},{\"@type\":\"BreadcrumbList\",\"@id\":\"https:\\\/\\\/ja-zur-individualbesteuerung.ch\\\/it\\\/si-allimposizione-individuale-una-pietra-miliare-per-la-parita\\\/#breadcrumb\",\"itemListElement\":[{\"@type\":\"ListItem\",\"position\":1,\"name\":\"Home\",\"item\":\"https:\\\/\\\/ja-zur-individualbesteuerung.ch\\\/it\\\/\"},{\"@type\":\"ListItem\",\"position\":2,\"name\":\"S\u00ec all\u2019imposizione individuale &#8211; Una pietra miliare per la parit\u00e0!\"}]},{\"@type\":\"WebSite\",\"@id\":\"https:\\\/\\\/ja-zur-individualbesteuerung.ch\\\/it\\\/#website\",\"url\":\"https:\\\/\\\/ja-zur-individualbesteuerung.ch\\\/it\\\/\",\"name\":\"Ja zur Individualbesteuerung\",\"description\":\"\",\"potentialAction\":[{\"@type\":\"SearchAction\",\"target\":{\"@type\":\"EntryPoint\",\"urlTemplate\":\"https:\\\/\\\/ja-zur-individualbesteuerung.ch\\\/it\\\/?s={search_term_string}\"},\"query-input\":{\"@type\":\"PropertyValueSpecification\",\"valueRequired\":true,\"valueName\":\"search_term_string\"}}],\"inLanguage\":\"it-IT\"},{\"@type\":\"Person\",\"@id\":\"https:\\\/\\\/ja-zur-individualbesteuerung.ch\\\/it\\\/#\\\/schema\\\/person\\\/d008a428f890dd713901fbe580927910\",\"name\":\"Darleen Pfister\",\"url\":\"https:\\\/\\\/ja-zur-individualbesteuerung.ch\\\/it\\\/author\\\/darleen-pfister\\\/\"}]}<\/script>\n<!-- \/ Yoast SEO plugin. -->","yoast_head_json":{"title":"S\u00ec all\u2019imposizione individuale - Una pietra miliare per la parit\u00e0! - S\u00ec all'imposizione individuale","robots":{"index":"index","follow":"follow","max-snippet":"max-snippet:-1","max-image-preview":"max-image-preview:large","max-video-preview":"max-video-preview:-1"},"canonical":"https:\/\/ja-zur-individualbesteuerung.ch\/it\/si-allimposizione-individuale-una-pietra-miliare-per-la-parita\/","og_locale":"it_IT","og_type":"article","og_title":"S\u00ec all\u2019imposizione individuale - Una pietra miliare per la parit\u00e0! - S\u00ec all'imposizione individuale","og_description":"Berna, 8 marzo 2026 \u2013 L&#8217;ampio comitato interpartitico \u00abS\u00ec all\u2019imposizione individuale\u00bb,composto da esponenti del mondo politico, economico e della societ\u00e0 civile, esprimela propria soddisfazione per l\u2019approvazione della legge federale sull\u2019imposizioneindividuale. \u00c8 una tappa importante per la parit\u00e0 e la nostra prosperit\u00e0. Il nostrosistema fiscale diventa pi\u00f9 equo e al passo con i tempi. In occasione della Giornata internazionale della donna, la Svizzera compie finalmente ilpasso tanto atteso per rafforzare la parit\u00e0 e l&#8217;equit\u00e0 fiscale. Si pone cos\u00ec fine a un&#8217;ingiustiziarilevata [&hellip;]","og_url":"https:\/\/ja-zur-individualbesteuerung.ch\/it\/si-allimposizione-individuale-una-pietra-miliare-per-la-parita\/","og_site_name":"S\u00ec all'imposizione individuale","article_published_time":"2026-03-08T13:54:50+00:00","article_modified_time":"2026-03-08T14:06:13+00:00","author":"Darleen Pfister","twitter_card":"summary_large_image","twitter_misc":{"Scritto da":"Darleen Pfister","Tempo di lettura stimato":"3 minuti"},"schema":{"@context":"https:\/\/schema.org","@graph":[{"@type":"Article","@id":"https:\/\/ja-zur-individualbesteuerung.ch\/it\/si-allimposizione-individuale-una-pietra-miliare-per-la-parita\/#article","isPartOf":{"@id":"https:\/\/ja-zur-individualbesteuerung.ch\/it\/si-allimposizione-individuale-una-pietra-miliare-per-la-parita\/"},"author":{"name":"Darleen Pfister","@id":"https:\/\/ja-zur-individualbesteuerung.ch\/it\/#\/schema\/person\/d008a428f890dd713901fbe580927910"},"headline":"S\u00ec all\u2019imposizione individuale &#8211; Una pietra miliare per la parit\u00e0!","datePublished":"2026-03-08T13:54:50+00:00","dateModified":"2026-03-08T14:06:13+00:00","mainEntityOfPage":{"@id":"https:\/\/ja-zur-individualbesteuerung.ch\/it\/si-allimposizione-individuale-una-pietra-miliare-per-la-parita\/"},"wordCount":403,"articleSection":["Unkategorisiert"],"inLanguage":"it-IT"},{"@type":"WebPage","@id":"https:\/\/ja-zur-individualbesteuerung.ch\/it\/si-allimposizione-individuale-una-pietra-miliare-per-la-parita\/","url":"https:\/\/ja-zur-individualbesteuerung.ch\/it\/si-allimposizione-individuale-una-pietra-miliare-per-la-parita\/","name":"S\u00ec all\u2019imposizione individuale - Una pietra miliare per la parit\u00e0! - S\u00ec all'imposizione individuale","isPartOf":{"@id":"https:\/\/ja-zur-individualbesteuerung.ch\/it\/#website"},"datePublished":"2026-03-08T13:54:50+00:00","dateModified":"2026-03-08T14:06:13+00:00","author":{"@id":"https:\/\/ja-zur-individualbesteuerung.ch\/it\/#\/schema\/person\/d008a428f890dd713901fbe580927910"},"breadcrumb":{"@id":"https:\/\/ja-zur-individualbesteuerung.ch\/it\/si-allimposizione-individuale-una-pietra-miliare-per-la-parita\/#breadcrumb"},"inLanguage":"it-IT","potentialAction":[{"@type":"ReadAction","target":["https:\/\/ja-zur-individualbesteuerung.ch\/it\/si-allimposizione-individuale-una-pietra-miliare-per-la-parita\/"]}]},{"@type":"BreadcrumbList","@id":"https:\/\/ja-zur-individualbesteuerung.ch\/it\/si-allimposizione-individuale-una-pietra-miliare-per-la-parita\/#breadcrumb","itemListElement":[{"@type":"ListItem","position":1,"name":"Home","item":"https:\/\/ja-zur-individualbesteuerung.ch\/it\/"},{"@type":"ListItem","position":2,"name":"S\u00ec all\u2019imposizione individuale &#8211; Una pietra miliare per la parit\u00e0!"}]},{"@type":"WebSite","@id":"https:\/\/ja-zur-individualbesteuerung.ch\/it\/#website","url":"https:\/\/ja-zur-individualbesteuerung.ch\/it\/","name":"Ja zur Individualbesteuerung","description":"","potentialAction":[{"@type":"SearchAction","target":{"@type":"EntryPoint","urlTemplate":"https:\/\/ja-zur-individualbesteuerung.ch\/it\/?s={search_term_string}"},"query-input":{"@type":"PropertyValueSpecification","valueRequired":true,"valueName":"search_term_string"}}],"inLanguage":"it-IT"},{"@type":"Person","@id":"https:\/\/ja-zur-individualbesteuerung.ch\/it\/#\/schema\/person\/d008a428f890dd713901fbe580927910","name":"Darleen Pfister","url":"https:\/\/ja-zur-individualbesteuerung.ch\/it\/author\/darleen-pfister\/"}]}},"_links":{"self":[{"href":"https:\/\/ja-zur-individualbesteuerung.ch\/it\/wp-json\/wp\/v2\/posts\/2100","targetHints":{"allow":["GET"]}}],"collection":[{"href":"https:\/\/ja-zur-individualbesteuerung.ch\/it\/wp-json\/wp\/v2\/posts"}],"about":[{"href":"https:\/\/ja-zur-individualbesteuerung.ch\/it\/wp-json\/wp\/v2\/types\/post"}],"author":[{"embeddable":true,"href":"https:\/\/ja-zur-individualbesteuerung.ch\/it\/wp-json\/wp\/v2\/users\/3"}],"replies":[{"embeddable":true,"href":"https:\/\/ja-zur-individualbesteuerung.ch\/it\/wp-json\/wp\/v2\/comments?post=2100"}],"version-history":[{"count":2,"href":"https:\/\/ja-zur-individualbesteuerung.ch\/it\/wp-json\/wp\/v2\/posts\/2100\/revisions"}],"predecessor-version":[{"id":2106,"href":"https:\/\/ja-zur-individualbesteuerung.ch\/it\/wp-json\/wp\/v2\/posts\/2100\/revisions\/2106"}],"wp:attachment":[{"href":"https:\/\/ja-zur-individualbesteuerung.ch\/it\/wp-json\/wp\/v2\/media?parent=2100"}],"wp:term":[{"taxonomy":"category","embeddable":true,"href":"https:\/\/ja-zur-individualbesteuerung.ch\/it\/wp-json\/wp\/v2\/categories?post=2100"},{"taxonomy":"post_tag","embeddable":true,"href":"https:\/\/ja-zur-individualbesteuerung.ch\/it\/wp-json\/wp\/v2\/tags?post=2100"}],"curies":[{"name":"wp","href":"https:\/\/api.w.org\/{rel}","templated":true}]}}