{"id":2090,"date":"2026-03-08T14:54:50","date_gmt":"2026-03-08T13:54:50","guid":{"rendered":"https:\/\/ja-zur-individualbesteuerung.ch\/?p=2090"},"modified":"2026-03-08T15:07:10","modified_gmt":"2026-03-08T14:07:10","slug":"oui-a-limposition-individuelle-un-pas-important-pour-legalite","status":"publish","type":"post","link":"https:\/\/ja-zur-individualbesteuerung.ch\/fr\/oui-a-limposition-individuelle-un-pas-important-pour-legalite\/","title":{"rendered":"OUI \u00e0 l&rsquo;imposition individuelle &#8211; un pas important pour l&rsquo;\u00e9galit\u00e9 !"},"content":{"rendered":"\n<p>Berne, le 8 mars 2026 \u2013 <strong>Le comit\u00e9 interpartis \u00ab Oui \u00e0 l&rsquo;imposition individuelle \u00bb, compos\u00e9<br>de repr\u00e9sentants de la politique, de l&rsquo;\u00e9conomie et de la soci\u00e9t\u00e9 civile, se r\u00e9jouit de<br>l&rsquo;adoption de la loi f\u00e9d\u00e9rale sur l&rsquo;imposition individuelle. Il s&rsquo;agit d&rsquo;une \u00e9tape importante<br>pour l&rsquo;\u00e9galit\u00e9 et notre prosp\u00e9rit\u00e9. Notre syst\u00e8me fiscal devient plus \u00e9quitable et plus<br>moderne.<\/strong><\/p>\n\n\n\n<p>\u00c0 l&rsquo;occasion de la Journ\u00e9e internationale des femmes, la Suisse franchit enfin le pas tant<br>attendu vers une plus grande \u00e9galit\u00e9 et une plus forte justice fiscale. Une injustice, vieille de<br>plus de 40 ans, d\u00e9nonc\u00e9e par le Tribunal f\u00e9d\u00e9ral, est ainsi enfin corrig\u00e9e.<\/p>\n\n\n\n<p>Dans un d\u00e9lai de six ans, une imposition ind\u00e9pendante de l&rsquo;\u00e9tat civil sera enfin mise en place<br>: \u00e0 partir de 18 ans, tous les habitants et toutes les habitantes rempliront leur propre d\u00e9claration<br>d&rsquo;imp\u00f4ts \u2013 les femmes et les hommes mari\u00e9s ne seront donc plus rattach\u00e9s \u00e0 leur partenaire.<br>Ainsi, chacun d\u00e9clarera son propre salaire et la p\u00e9nalisation injuste du mariage sera enfin<br>abolie.<\/p>\n\n\n\n<p>Cette d\u00e9cision populaire est une \u00e9tape importante pour l&rsquo;\u00e9galit\u00e9, notamment pour les femmes,<br>dont l&rsquo;ind\u00e9pendance financi\u00e8re est renforc\u00e9e \u2013 une mesure importante contre la pauvret\u00e9<br>potentielle li\u00e9e \u00e0 l&rsquo;\u00e2ge et au divorce. Avec l&rsquo;introduction de l&rsquo;imposition individuelle, chaque<br>heure de travail r\u00e9mun\u00e9r\u00e9 est valoris\u00e9e, ce qui a un effet positif sur l&rsquo;\u00e9conomie nationale et<br>contribue \u00e0 lutter contre la p\u00e9nurie de main-d&rsquo;\u0153uvre qualifi\u00e9e.<\/p>\n\n\n\n<p>\u00c0 l&rsquo;avenir, non seulement la Conf\u00e9d\u00e9ration, mais aussi les cantons et les communes<br>percevront des imp\u00f4ts de mani\u00e8re individuelle. Ces derniers disposeront d\u00e9sormais de six ans<br>adapter leur syst\u00e8me fiscal. Les partis r\u00e9unis au sein du comit\u00e9 pour le \u00ab oui \u00bb s&rsquo;engageront<br>en faveur de r\u00e9visions \u00e9quitables et \u00e9quilibr\u00e9es.<\/p>\n\n\n\n<p>Le comit\u00e9 interpartis \u00ab Oui \u00e0 l&rsquo;imposition individuelle \u00bb attend du parti le Centre qu&rsquo;il retire son<br>initiative \u00e0 la suite de cette d\u00e9cision d\u00e9mocratique en faveur de l&rsquo;imposition individuelle.<br>La campagne de votation a \u00e9t\u00e9 intense et a largement contribu\u00e9 \u00e0 ce r\u00e9sultat r\u00e9jouissant, qui<br>n&rsquo;allait pas de soi compte tenu des arguments parfois d\u00e9loyaux avanc\u00e9s par les opposants. Le<br>comit\u00e9 interpartis en faveur du oui comprend notamment le PLR, les Vert&rsquo;lib\u00e9raux, les Vert-e<br>s et le PS ainsi que leurs sections \u00ab Jeunes \u00bb, mais aussi des politiciennes et politiciens du<br>Centre et de l&rsquo;UDC. Des associations \u00e9conomiques telles qu&rsquo;economiesuisse, l&rsquo;Union<br>patronale suisse, des associations de commerce et d\u2019industrie ainsi que des organisations<br>f\u00e9minines telles que alliance F, l\u2019Alliance de soci\u00e9t\u00e9s f\u00e9minines suisses en sont \u00e9galement<br>membres.<\/p>\n\n\n\n<p>Pour toutes questions :<br>Claudine Esseiva, Fondatrice et co-propri\u00e9taire de ComCoeur<br>claudine.esseiva@comcoeur.ch 078 801 99 99<\/p>\n","protected":false},"excerpt":{"rendered":"Berne, le 8 mars 2026 \u2013 Le comit\u00e9 interpartis \u00ab Oui \u00e0 l&rsquo;imposition individuelle \u00bb, compos\u00e9de repr\u00e9sentants de la politique, de l&rsquo;\u00e9conomie et de la soci\u00e9t\u00e9 civile, se r\u00e9jouit del&rsquo;adoption de la loi f\u00e9d\u00e9rale sur l&rsquo;imposition individuelle. Il s&rsquo;agit d&rsquo;une \u00e9tape importantepour l&rsquo;\u00e9galit\u00e9 et notre prosp\u00e9rit\u00e9. Notre syst\u00e8me fiscal devient plus \u00e9quitable et plusmoderne. \u00c0 l&rsquo;occasion de la Journ\u00e9e internationale des femmes, la Suisse franchit enfin le pas tantattendu vers une plus grande \u00e9galit\u00e9 et une plus forte justice fiscale. [&hellip;]","protected":false},"author":3,"featured_media":0,"comment_status":"closed","ping_status":"closed","sticky":false,"template":"","format":"standard","meta":{"_acf_changed":false,"footnotes":""},"categories":[1],"tags":[],"class_list":["post-2090","post","type-post","status-publish","format-standard","hentry","category-unkategorisiert"],"acf":[],"yoast_head":"<!-- This site is optimized with the Yoast SEO plugin v27.5 - https:\/\/yoast.com\/product\/yoast-seo-wordpress\/ -->\n<title>OUI \u00e0 l&#039;imposition individuelle - un pas important pour l&#039;\u00e9galit\u00e9 ! - Oui \u00e0 l&#039;imposition individuelle<\/title>\n<meta name=\"robots\" content=\"index, follow, max-snippet:-1, max-image-preview:large, max-video-preview:-1\" \/>\n<link rel=\"canonical\" href=\"https:\/\/ja-zur-individualbesteuerung.ch\/fr\/oui-a-limposition-individuelle-un-pas-important-pour-legalite\/\" \/>\n<meta property=\"og:locale\" content=\"fr_FR\" \/>\n<meta property=\"og:type\" content=\"article\" \/>\n<meta property=\"og:title\" content=\"OUI \u00e0 l&#039;imposition individuelle - un pas important pour l&#039;\u00e9galit\u00e9 ! - Oui \u00e0 l&#039;imposition individuelle\" \/>\n<meta property=\"og:description\" content=\"Berne, le 8 mars 2026 \u2013 Le comit\u00e9 interpartis \u00ab Oui \u00e0 l&rsquo;imposition individuelle \u00bb, compos\u00e9de repr\u00e9sentants de la politique, de l&rsquo;\u00e9conomie et de la soci\u00e9t\u00e9 civile, se r\u00e9jouit del&rsquo;adoption de la loi f\u00e9d\u00e9rale sur l&rsquo;imposition individuelle. Il s&rsquo;agit d&rsquo;une \u00e9tape importantepour l&rsquo;\u00e9galit\u00e9 et notre prosp\u00e9rit\u00e9. Notre syst\u00e8me fiscal devient plus \u00e9quitable et plusmoderne. \u00c0 l&rsquo;occasion de la Journ\u00e9e internationale des femmes, la Suisse franchit enfin le pas tantattendu vers une plus grande \u00e9galit\u00e9 et une plus forte justice fiscale. [&hellip;]\" \/>\n<meta property=\"og:url\" content=\"https:\/\/ja-zur-individualbesteuerung.ch\/fr\/oui-a-limposition-individuelle-un-pas-important-pour-legalite\/\" \/>\n<meta property=\"og:site_name\" content=\"Oui \u00e0 l&#039;imposition individuelle\" \/>\n<meta property=\"article:published_time\" content=\"2026-03-08T13:54:50+00:00\" \/>\n<meta property=\"article:modified_time\" content=\"2026-03-08T14:07:10+00:00\" \/>\n<meta name=\"author\" content=\"Darleen Pfister\" \/>\n<meta name=\"twitter:card\" content=\"summary_large_image\" \/>\n<meta name=\"twitter:label1\" content=\"\u00c9crit par\" \/>\n\t<meta name=\"twitter:data1\" content=\"Darleen Pfister\" \/>\n\t<meta name=\"twitter:label2\" content=\"Dur\u00e9e de lecture estim\u00e9e\" \/>\n\t<meta name=\"twitter:data2\" content=\"3 minutes\" \/>\n<script type=\"application\/ld+json\" class=\"yoast-schema-graph\">{\"@context\":\"https:\\\/\\\/schema.org\",\"@graph\":[{\"@type\":\"Article\",\"@id\":\"https:\\\/\\\/ja-zur-individualbesteuerung.ch\\\/fr\\\/oui-a-limposition-individuelle-un-pas-important-pour-legalite\\\/#article\",\"isPartOf\":{\"@id\":\"https:\\\/\\\/ja-zur-individualbesteuerung.ch\\\/fr\\\/oui-a-limposition-individuelle-un-pas-important-pour-legalite\\\/\"},\"author\":{\"name\":\"Darleen Pfister\",\"@id\":\"https:\\\/\\\/ja-zur-individualbesteuerung.ch\\\/fr\\\/#\\\/schema\\\/person\\\/d008a428f890dd713901fbe580927910\"},\"headline\":\"OUI \u00e0 l&rsquo;imposition individuelle &#8211; un pas important pour l&rsquo;\u00e9galit\u00e9 !\",\"datePublished\":\"2026-03-08T13:54:50+00:00\",\"dateModified\":\"2026-03-08T14:07:10+00:00\",\"mainEntityOfPage\":{\"@id\":\"https:\\\/\\\/ja-zur-individualbesteuerung.ch\\\/fr\\\/oui-a-limposition-individuelle-un-pas-important-pour-legalite\\\/\"},\"wordCount\":468,\"articleSection\":[\"Unkategorisiert\"],\"inLanguage\":\"fr-FR\"},{\"@type\":\"WebPage\",\"@id\":\"https:\\\/\\\/ja-zur-individualbesteuerung.ch\\\/fr\\\/oui-a-limposition-individuelle-un-pas-important-pour-legalite\\\/\",\"url\":\"https:\\\/\\\/ja-zur-individualbesteuerung.ch\\\/fr\\\/oui-a-limposition-individuelle-un-pas-important-pour-legalite\\\/\",\"name\":\"OUI \u00e0 l'imposition individuelle - un pas important pour l'\u00e9galit\u00e9 ! - Oui \u00e0 l'imposition individuelle\",\"isPartOf\":{\"@id\":\"https:\\\/\\\/ja-zur-individualbesteuerung.ch\\\/fr\\\/#website\"},\"datePublished\":\"2026-03-08T13:54:50+00:00\",\"dateModified\":\"2026-03-08T14:07:10+00:00\",\"author\":{\"@id\":\"https:\\\/\\\/ja-zur-individualbesteuerung.ch\\\/fr\\\/#\\\/schema\\\/person\\\/d008a428f890dd713901fbe580927910\"},\"breadcrumb\":{\"@id\":\"https:\\\/\\\/ja-zur-individualbesteuerung.ch\\\/fr\\\/oui-a-limposition-individuelle-un-pas-important-pour-legalite\\\/#breadcrumb\"},\"inLanguage\":\"fr-FR\",\"potentialAction\":[{\"@type\":\"ReadAction\",\"target\":[\"https:\\\/\\\/ja-zur-individualbesteuerung.ch\\\/fr\\\/oui-a-limposition-individuelle-un-pas-important-pour-legalite\\\/\"]}]},{\"@type\":\"BreadcrumbList\",\"@id\":\"https:\\\/\\\/ja-zur-individualbesteuerung.ch\\\/fr\\\/oui-a-limposition-individuelle-un-pas-important-pour-legalite\\\/#breadcrumb\",\"itemListElement\":[{\"@type\":\"ListItem\",\"position\":1,\"name\":\"Home\",\"item\":\"https:\\\/\\\/ja-zur-individualbesteuerung.ch\\\/fr\\\/\"},{\"@type\":\"ListItem\",\"position\":2,\"name\":\"OUI \u00e0 l&#8217;imposition individuelle &#8211; un pas important pour l&#8217;\u00e9galit\u00e9 !\"}]},{\"@type\":\"WebSite\",\"@id\":\"https:\\\/\\\/ja-zur-individualbesteuerung.ch\\\/fr\\\/#website\",\"url\":\"https:\\\/\\\/ja-zur-individualbesteuerung.ch\\\/fr\\\/\",\"name\":\"Ja zur Individualbesteuerung\",\"description\":\"\",\"potentialAction\":[{\"@type\":\"SearchAction\",\"target\":{\"@type\":\"EntryPoint\",\"urlTemplate\":\"https:\\\/\\\/ja-zur-individualbesteuerung.ch\\\/fr\\\/?s={search_term_string}\"},\"query-input\":{\"@type\":\"PropertyValueSpecification\",\"valueRequired\":true,\"valueName\":\"search_term_string\"}}],\"inLanguage\":\"fr-FR\"},{\"@type\":\"Person\",\"@id\":\"https:\\\/\\\/ja-zur-individualbesteuerung.ch\\\/fr\\\/#\\\/schema\\\/person\\\/d008a428f890dd713901fbe580927910\",\"name\":\"Darleen Pfister\",\"url\":\"https:\\\/\\\/ja-zur-individualbesteuerung.ch\\\/fr\\\/author\\\/darleen-pfister\\\/\"}]}<\/script>\n<!-- \/ Yoast SEO plugin. -->","yoast_head_json":{"title":"OUI \u00e0 l'imposition individuelle - un pas important pour l'\u00e9galit\u00e9 ! - Oui \u00e0 l'imposition individuelle","robots":{"index":"index","follow":"follow","max-snippet":"max-snippet:-1","max-image-preview":"max-image-preview:large","max-video-preview":"max-video-preview:-1"},"canonical":"https:\/\/ja-zur-individualbesteuerung.ch\/fr\/oui-a-limposition-individuelle-un-pas-important-pour-legalite\/","og_locale":"fr_FR","og_type":"article","og_title":"OUI \u00e0 l'imposition individuelle - un pas important pour l'\u00e9galit\u00e9 ! - Oui \u00e0 l'imposition individuelle","og_description":"Berne, le 8 mars 2026 \u2013 Le comit\u00e9 interpartis \u00ab Oui \u00e0 l&rsquo;imposition individuelle \u00bb, compos\u00e9de repr\u00e9sentants de la politique, de l&rsquo;\u00e9conomie et de la soci\u00e9t\u00e9 civile, se r\u00e9jouit del&rsquo;adoption de la loi f\u00e9d\u00e9rale sur l&rsquo;imposition individuelle. Il s&rsquo;agit d&rsquo;une \u00e9tape importantepour l&rsquo;\u00e9galit\u00e9 et notre prosp\u00e9rit\u00e9. Notre syst\u00e8me fiscal devient plus \u00e9quitable et plusmoderne. \u00c0 l&rsquo;occasion de la Journ\u00e9e internationale des femmes, la Suisse franchit enfin le pas tantattendu vers une plus grande \u00e9galit\u00e9 et une plus forte justice fiscale. [&hellip;]","og_url":"https:\/\/ja-zur-individualbesteuerung.ch\/fr\/oui-a-limposition-individuelle-un-pas-important-pour-legalite\/","og_site_name":"Oui \u00e0 l'imposition individuelle","article_published_time":"2026-03-08T13:54:50+00:00","article_modified_time":"2026-03-08T14:07:10+00:00","author":"Darleen Pfister","twitter_card":"summary_large_image","twitter_misc":{"\u00c9crit par":"Darleen Pfister","Dur\u00e9e de lecture estim\u00e9e":"3 minutes"},"schema":{"@context":"https:\/\/schema.org","@graph":[{"@type":"Article","@id":"https:\/\/ja-zur-individualbesteuerung.ch\/fr\/oui-a-limposition-individuelle-un-pas-important-pour-legalite\/#article","isPartOf":{"@id":"https:\/\/ja-zur-individualbesteuerung.ch\/fr\/oui-a-limposition-individuelle-un-pas-important-pour-legalite\/"},"author":{"name":"Darleen Pfister","@id":"https:\/\/ja-zur-individualbesteuerung.ch\/fr\/#\/schema\/person\/d008a428f890dd713901fbe580927910"},"headline":"OUI \u00e0 l&rsquo;imposition individuelle &#8211; un pas important pour l&rsquo;\u00e9galit\u00e9 !","datePublished":"2026-03-08T13:54:50+00:00","dateModified":"2026-03-08T14:07:10+00:00","mainEntityOfPage":{"@id":"https:\/\/ja-zur-individualbesteuerung.ch\/fr\/oui-a-limposition-individuelle-un-pas-important-pour-legalite\/"},"wordCount":468,"articleSection":["Unkategorisiert"],"inLanguage":"fr-FR"},{"@type":"WebPage","@id":"https:\/\/ja-zur-individualbesteuerung.ch\/fr\/oui-a-limposition-individuelle-un-pas-important-pour-legalite\/","url":"https:\/\/ja-zur-individualbesteuerung.ch\/fr\/oui-a-limposition-individuelle-un-pas-important-pour-legalite\/","name":"OUI \u00e0 l'imposition individuelle - un pas important pour l'\u00e9galit\u00e9 ! - Oui \u00e0 l'imposition individuelle","isPartOf":{"@id":"https:\/\/ja-zur-individualbesteuerung.ch\/fr\/#website"},"datePublished":"2026-03-08T13:54:50+00:00","dateModified":"2026-03-08T14:07:10+00:00","author":{"@id":"https:\/\/ja-zur-individualbesteuerung.ch\/fr\/#\/schema\/person\/d008a428f890dd713901fbe580927910"},"breadcrumb":{"@id":"https:\/\/ja-zur-individualbesteuerung.ch\/fr\/oui-a-limposition-individuelle-un-pas-important-pour-legalite\/#breadcrumb"},"inLanguage":"fr-FR","potentialAction":[{"@type":"ReadAction","target":["https:\/\/ja-zur-individualbesteuerung.ch\/fr\/oui-a-limposition-individuelle-un-pas-important-pour-legalite\/"]}]},{"@type":"BreadcrumbList","@id":"https:\/\/ja-zur-individualbesteuerung.ch\/fr\/oui-a-limposition-individuelle-un-pas-important-pour-legalite\/#breadcrumb","itemListElement":[{"@type":"ListItem","position":1,"name":"Home","item":"https:\/\/ja-zur-individualbesteuerung.ch\/fr\/"},{"@type":"ListItem","position":2,"name":"OUI \u00e0 l&#8217;imposition individuelle &#8211; un pas important pour l&#8217;\u00e9galit\u00e9 !"}]},{"@type":"WebSite","@id":"https:\/\/ja-zur-individualbesteuerung.ch\/fr\/#website","url":"https:\/\/ja-zur-individualbesteuerung.ch\/fr\/","name":"Ja zur Individualbesteuerung","description":"","potentialAction":[{"@type":"SearchAction","target":{"@type":"EntryPoint","urlTemplate":"https:\/\/ja-zur-individualbesteuerung.ch\/fr\/?s={search_term_string}"},"query-input":{"@type":"PropertyValueSpecification","valueRequired":true,"valueName":"search_term_string"}}],"inLanguage":"fr-FR"},{"@type":"Person","@id":"https:\/\/ja-zur-individualbesteuerung.ch\/fr\/#\/schema\/person\/d008a428f890dd713901fbe580927910","name":"Darleen Pfister","url":"https:\/\/ja-zur-individualbesteuerung.ch\/fr\/author\/darleen-pfister\/"}]}},"_links":{"self":[{"href":"https:\/\/ja-zur-individualbesteuerung.ch\/fr\/wp-json\/wp\/v2\/posts\/2090","targetHints":{"allow":["GET"]}}],"collection":[{"href":"https:\/\/ja-zur-individualbesteuerung.ch\/fr\/wp-json\/wp\/v2\/posts"}],"about":[{"href":"https:\/\/ja-zur-individualbesteuerung.ch\/fr\/wp-json\/wp\/v2\/types\/post"}],"author":[{"embeddable":true,"href":"https:\/\/ja-zur-individualbesteuerung.ch\/fr\/wp-json\/wp\/v2\/users\/3"}],"replies":[{"embeddable":true,"href":"https:\/\/ja-zur-individualbesteuerung.ch\/fr\/wp-json\/wp\/v2\/comments?post=2090"}],"version-history":[{"count":2,"href":"https:\/\/ja-zur-individualbesteuerung.ch\/fr\/wp-json\/wp\/v2\/posts\/2090\/revisions"}],"predecessor-version":[{"id":2107,"href":"https:\/\/ja-zur-individualbesteuerung.ch\/fr\/wp-json\/wp\/v2\/posts\/2090\/revisions\/2107"}],"wp:attachment":[{"href":"https:\/\/ja-zur-individualbesteuerung.ch\/fr\/wp-json\/wp\/v2\/media?parent=2090"}],"wp:term":[{"taxonomy":"category","embeddable":true,"href":"https:\/\/ja-zur-individualbesteuerung.ch\/fr\/wp-json\/wp\/v2\/categories?post=2090"},{"taxonomy":"post_tag","embeddable":true,"href":"https:\/\/ja-zur-individualbesteuerung.ch\/fr\/wp-json\/wp\/v2\/tags?post=2090"}],"curies":[{"name":"wp","href":"https:\/\/api.w.org\/{rel}","templated":true}]}}